{"id":10495,"date":"2024-08-08T00:25:27","date_gmt":"2024-08-08T00:25:27","guid":{"rendered":"https:\/\/noticiaemfoco.online\/?p=10495"},"modified":"2024-08-08T00:25:28","modified_gmt":"2024-08-08T00:25:28","slug":"biden-diz-que-nao-tem-confianca-na-transicao-pacifica-de-poder-se-trump-perder","status":"publish","type":"post","link":"https:\/\/noticiaemfoco.online\/?p=10495","title":{"rendered":"Biden diz que n\u00e3o tem confian\u00e7a na transi\u00e7\u00e3o pac\u00edfica de poder se Trump perder"},"content":{"rendered":"\n<p>Presidente dos EUA relembra coment\u00e1rios do candidato republicano sobre &#8216;carnificina&#8217; no pa\u00eds durante entrevista \u00e0 CBS News<br>O presidente dos EUA, Joe Biden, disse em entrevista \u00e0 CBS News nesta quarta-feira (7) que n\u00e3o tem confian\u00e7a na transi\u00e7\u00e3o pac\u00edfica de poder caso o ex-presidente Donald Trump perca as elei\u00e7\u00f5es para a Casa Branca em novembro.<br>Biden destacou os coment\u00e1rios do candidato republicano de que ele acreditava que a \u00fanica maneira de perder a elei\u00e7\u00e3o seria se ela fosse roubada.<\/p>\n\n\n\n<p>\u201cSe Trump vencer, n\u00e3o, n\u00e3o tenho nenhuma confian\u00e7a\u201d, disse Biden, corrigindo-se depois. &#8220;Quero dizer, se Trump perder, n\u00e3o tenho nenhuma confian\u00e7a. Ele est\u00e1 falando s\u00e9rio, n\u00e3o o levamos a s\u00e9rio, ele est\u00e1 falando s\u00e9rio, e tudo isso \u00e9 sobre se perdermos, haver\u00e1 um &#8216;Isso vai ser uma elei\u00e7\u00e3o roubada.&#8221;<br><\/p>\n\n\n\n<p>Biden tamb\u00e9m alertou que Trump estava se preparando para contestar os resultados eleitorais novamente em novembro, como fez em 2020, inclusive fazendo com que as autoridades eleitorais locais simpatizassem com ele.<br>\u201cVeja o que eles est\u00e3o tentando fazer agora nos locais de vota\u00e7\u00e3o locais, onde as pessoas contam seus votos \u2013 as autoridades eleitas, eles est\u00e3o colocando as pessoas em lugares nos estados onde ir\u00e3o contar seus votos, certo?\u201d Biden disse.<\/p>\n\n\n\n<p>O presidente dos EUA acrescentou: \u201cVoc\u00ea n\u00e3o pode amar o seu pa\u00eds apenas quando vence\u201d.<\/p>\n","protected":false},"excerpt":{"rendered":"<p>Presidente dos EUA relembra coment\u00e1rios do candidato republicano sobre &#8216;carnificina&#8217; no pa\u00eds durante entrevista \u00e0 CBS NewsO presidente dos EUA,<\/p>\n","protected":false},"author":1,"featured_media":10496,"comment_status":"closed","ping_status":"closed","sticky":true,"template":"","format":"standard","meta":[],"categories":[586],"tags":[459,470,639],"aioseo_notices":[],"_links":{"self":[{"href":"https:\/\/noticiaemfoco.online\/index.php?rest_route=\/wp\/v2\/posts\/10495"}],"collection":[{"href":"https:\/\/noticiaemfoco.online\/index.php?rest_route=\/wp\/v2\/posts"}],"about":[{"href":"https:\/\/noticiaemfoco.online\/index.php?rest_route=\/wp\/v2\/types\/post"}],"author":[{"embeddable":true,"href":"https:\/\/noticiaemfoco.online\/index.php?rest_route=\/wp\/v2\/users\/1"}],"replies":[{"embeddable":true,"href":"https:\/\/noticiaemfoco.online\/index.php?rest_route=%2Fwp%2Fv2%2Fcomments&post=10495"}],"version-history":[{"count":1,"href":"https:\/\/noticiaemfoco.online\/index.php?rest_route=\/wp\/v2\/posts\/10495\/revisions"}],"predecessor-version":[{"id":10497,"href":"https:\/\/noticiaemfoco.online\/index.php?rest_route=\/wp\/v2\/posts\/10495\/revisions\/10497"}],"wp:featuredmedia":[{"embeddable":true,"href":"https:\/\/noticiaemfoco.online\/index.php?rest_route=\/wp\/v2\/media\/10496"}],"wp:attachment":[{"href":"https:\/\/noticiaemfoco.online\/index.php?rest_route=%2Fwp%2Fv2%2Fmedia&parent=10495"}],"wp:term":[{"taxonomy":"category","embeddable":true,"href":"https:\/\/noticiaemfoco.online\/index.php?rest_route=%2Fwp%2Fv2%2Fcategories&post=10495"},{"taxonomy":"post_tag","embeddable":true,"href":"https:\/\/noticiaemfoco.online\/index.php?rest_route=%2Fwp%2Fv2%2Ftags&post=10495"}],"curies":[{"name":"wp","href":"https:\/\/api.w.org\/{rel}","templated":true}]}}