{"id":10736,"date":"2024-09-13T16:12:06","date_gmt":"2024-09-13T16:12:06","guid":{"rendered":"https:\/\/noticiaemfoco.online\/?p=10736"},"modified":"2024-09-13T16:12:06","modified_gmt":"2024-09-13T16:12:06","slug":"kim-jong-un-publica-uma-rara-fotografia-de-programa-nuclear","status":"publish","type":"post","link":"https:\/\/noticiaemfoco.online\/?p=10736","title":{"rendered":"Kim Jong-Un publica uma rara fotografia de programa nuclear"},"content":{"rendered":"\n<p>L\u00edder norte-coreano inspeciona instala\u00e7\u00e3o de enriquecimento de ur\u00e2nio<br>Novas fotos do l\u00edder norte-coreano Kim Jong Un visitando o que a m\u00eddia estatal descreve como uma instala\u00e7\u00e3o de enriquecimento de ur\u00e2nio oferecem uma vis\u00e3o extremamente rara do programa de armas nucleares do pa\u00eds isolado e bem guardado.<br>De acordo com reportagem divulgada pela Ag\u00eancia Central de Not\u00edcias da Coreia (KCNA) nesta sexta-feira (13), Kim Jong Un visitou a instala\u00e7\u00e3o \u2013 um armaz\u00e9m luminoso repleto de longas fileiras de m\u00e1quinas cil\u00edndricas \u2013 usadas para produzir materiais nucleares adequados para armas para atender \u00e0 crescente demanda. . O Arsenal do Norte.<\/p>\n\n\n\n<p>O relat\u00f3rio surge num momento em que a Coreia do Norte continua a intensificar o seu programa il\u00edcito de armas nucleares e a refor\u00e7ar os la\u00e7os com a R\u00fassia, aprofundando as preocupa\u00e7\u00f5es ocidentais sobre a direc\u00e7\u00e3o do pa\u00eds isolado sob o comando de Kim Jong Un.<br><\/p>\n\n\n\n<p>O local espec\u00edfico e a data da visita de Kim ao local n\u00e3o foram divulgados no relat\u00f3rio, mas o objetivo da sua visita foi claro: delinear \u201cplanos de longo prazo para aumentar a produ\u00e7\u00e3o de materiais nucleares para armas\u201d, segundo a KCNA. &#8220;&#8221;.<\/p>\n\n\n\n<p>Especialistas disseram que as fotos, que mostram Kim Jong Un ladeado por homens vestindo uniformes militares e camisas brancas de laborat\u00f3rio, ressaltam a crescente confian\u00e7a da Coreia do Norte em seu status como pot\u00eancia nuclear.<br>Ankit Panda, Stanton Senior Fellow do Carnegie Endowment for International Peace, disse: \u201cKim Jong Un est\u00e1 agora extraordinariamente confiante e quer particularmente garantir que o seu apelo para um aumento maci\u00e7o de capacidades nucleares n\u00e3o seja mal compreendido. capacitar &#8220;o programa da Coreia do Norte e demonstrar que eles fizeram grandes progressos nas suas capacidades de enriquecimento.&#8221;<\/p>\n","protected":false},"excerpt":{"rendered":"<p>L\u00edder norte-coreano inspeciona instala\u00e7\u00e3o de enriquecimento de ur\u00e2nioNovas fotos do l\u00edder norte-coreano Kim Jong Un visitando o que a m\u00eddia<\/p>\n","protected":false},"author":1,"featured_media":10737,"comment_status":"closed","ping_status":"closed","sticky":true,"template":"","format":"standard","meta":[],"categories":[37],"tags":[665,664,666],"aioseo_notices":[],"_links":{"self":[{"href":"https:\/\/noticiaemfoco.online\/index.php?rest_route=\/wp\/v2\/posts\/10736"}],"collection":[{"href":"https:\/\/noticiaemfoco.online\/index.php?rest_route=\/wp\/v2\/posts"}],"about":[{"href":"https:\/\/noticiaemfoco.online\/index.php?rest_route=\/wp\/v2\/types\/post"}],"author":[{"embeddable":true,"href":"https:\/\/noticiaemfoco.online\/index.php?rest_route=\/wp\/v2\/users\/1"}],"replies":[{"embeddable":true,"href":"https:\/\/noticiaemfoco.online\/index.php?rest_route=%2Fwp%2Fv2%2Fcomments&post=10736"}],"version-history":[{"count":1,"href":"https:\/\/noticiaemfoco.online\/index.php?rest_route=\/wp\/v2\/posts\/10736\/revisions"}],"predecessor-version":[{"id":10738,"href":"https:\/\/noticiaemfoco.online\/index.php?rest_route=\/wp\/v2\/posts\/10736\/revisions\/10738"}],"wp:featuredmedia":[{"embeddable":true,"href":"https:\/\/noticiaemfoco.online\/index.php?rest_route=\/wp\/v2\/media\/10737"}],"wp:attachment":[{"href":"https:\/\/noticiaemfoco.online\/index.php?rest_route=%2Fwp%2Fv2%2Fmedia&parent=10736"}],"wp:term":[{"taxonomy":"category","embeddable":true,"href":"https:\/\/noticiaemfoco.online\/index.php?rest_route=%2Fwp%2Fv2%2Fcategories&post=10736"},{"taxonomy":"post_tag","embeddable":true,"href":"https:\/\/noticiaemfoco.online\/index.php?rest_route=%2Fwp%2Fv2%2Ftags&post=10736"}],"curies":[{"name":"wp","href":"https:\/\/api.w.org\/{rel}","templated":true}]}}