{"id":11047,"date":"2026-03-12T00:37:10","date_gmt":"2026-03-12T00:37:10","guid":{"rendered":"https:\/\/noticiaemfoco.online\/?p=11047"},"modified":"2026-03-12T00:37:10","modified_gmt":"2026-03-12T00:37:10","slug":"magistrado-afirma-ter-visitado-local-de-morte-de-pm-na-condicao-de-amigo-de-coronel","status":"publish","type":"post","link":"https:\/\/noticiaemfoco.online\/?p=11047","title":{"rendered":"Magistrado afirma ter visitado local de morte de PM na condi\u00e7\u00e3o de &#8220;amigo&#8221; de coronel"},"content":{"rendered":"\n<p>Em depoimento prestado \u00e0 Pol\u00edcia Civil, o desembargador <strong>Marco Ant\u00f4nio Pinheiro Machado Cogan<\/strong> esclareceu que compareceu ao apartamento onde a soldado <strong>Gisele Alves Santana<\/strong> foi encontrada morta como um gesto de amizade, e n\u00e3o no exerc\u00edcio de sua fun\u00e7\u00e3o jur\u00eddica. Segundo Cogan, ele atendeu a um chamado do marido da v\u00edtima, o tenente-coronel <strong>Geraldo Leite<\/strong>.<\/p>\n\n\n\n<h3 class=\"wp-block-heading\">Detalhes do Monitoramento<\/h3>\n\n\n\n<p>As c\u00e2meras de seguran\u00e7a do condom\u00ednio, situado no Br\u00e1s, regi\u00e3o central de S\u00e3o Paulo, registraram a chegada do magistrado do Tribunal de Justi\u00e7a (TJ-SP) poucos instantes ap\u00f3s o ocorrido, no dia 18 de fevereiro. Gisele foi localizada com um ferimento por arma de fogo na cabe\u00e7a.<\/p>\n\n\n\n<p><strong>Cronologia dos fatos registrada pelas imagens:<\/strong><\/p>\n\n\n\n<ul>\n<li><strong>09h07:<\/strong> O desembargador chega ao edif\u00edcio e sobe ao apartamento acompanhado pelo coronel.<\/li>\n\n\n\n<li><strong>09h18:<\/strong> Cogan \u00e9 visto novamente no corredor, deixando o local.<\/li>\n\n\n\n<li><strong>09h29:<\/strong> Onze minutos ap\u00f3s a sa\u00edda do magistrado, Geraldo Leite reaparece nas imagens utilizando vestimentas diferentes.<\/li>\n<\/ul>\n\n\n\n<p>O depoimento refor\u00e7a a tese da defesa de que a presen\u00e7a da autoridade no local teve car\u00e1ter estritamente pessoal, motivada pelo v\u00ednculo entre ele e o oficial da PM.<\/p>\n","protected":false},"excerpt":{"rendered":"<p>Em depoimento prestado \u00e0 Pol\u00edcia Civil, o desembargador Marco Ant\u00f4nio Pinheiro Machado Cogan esclareceu que compareceu ao apartamento onde a<\/p>\n","protected":false},"author":1,"featured_media":11048,"comment_status":"closed","ping_status":"closed","sticky":true,"template":"","format":"standard","meta":[],"categories":[795],"tags":[743,825,826],"aioseo_notices":[],"_links":{"self":[{"href":"https:\/\/noticiaemfoco.online\/index.php?rest_route=\/wp\/v2\/posts\/11047"}],"collection":[{"href":"https:\/\/noticiaemfoco.online\/index.php?rest_route=\/wp\/v2\/posts"}],"about":[{"href":"https:\/\/noticiaemfoco.online\/index.php?rest_route=\/wp\/v2\/types\/post"}],"author":[{"embeddable":true,"href":"https:\/\/noticiaemfoco.online\/index.php?rest_route=\/wp\/v2\/users\/1"}],"replies":[{"embeddable":true,"href":"https:\/\/noticiaemfoco.online\/index.php?rest_route=%2Fwp%2Fv2%2Fcomments&post=11047"}],"version-history":[{"count":1,"href":"https:\/\/noticiaemfoco.online\/index.php?rest_route=\/wp\/v2\/posts\/11047\/revisions"}],"predecessor-version":[{"id":11049,"href":"https:\/\/noticiaemfoco.online\/index.php?rest_route=\/wp\/v2\/posts\/11047\/revisions\/11049"}],"wp:featuredmedia":[{"embeddable":true,"href":"https:\/\/noticiaemfoco.online\/index.php?rest_route=\/wp\/v2\/media\/11048"}],"wp:attachment":[{"href":"https:\/\/noticiaemfoco.online\/index.php?rest_route=%2Fwp%2Fv2%2Fmedia&parent=11047"}],"wp:term":[{"taxonomy":"category","embeddable":true,"href":"https:\/\/noticiaemfoco.online\/index.php?rest_route=%2Fwp%2Fv2%2Fcategories&post=11047"},{"taxonomy":"post_tag","embeddable":true,"href":"https:\/\/noticiaemfoco.online\/index.php?rest_route=%2Fwp%2Fv2%2Ftags&post=11047"}],"curies":[{"name":"wp","href":"https:\/\/api.w.org\/{rel}","templated":true}]}}