{"id":11050,"date":"2026-03-17T02:48:39","date_gmt":"2026-03-17T02:48:39","guid":{"rendered":"https:\/\/noticiaemfoco.online\/?p=11050"},"modified":"2026-03-17T02:48:40","modified_gmt":"2026-03-17T02:48:40","slug":"cidades-inteligentes-o-futuro-urbano-que-ja-e-realidade-no-brasil-em-2026","status":"publish","type":"post","link":"https:\/\/noticiaemfoco.online\/?p=11050","title":{"rendered":"Cidades Inteligentes: O Futuro Urbano que j\u00e1 \u00e9 Realidade no Brasil em 2026"},"content":{"rendered":"\n<p>O conceito de <strong>Smart Cities<\/strong> (cidades inteligentes) deixou de ser uma promessa futurista para se tornar a base da infraestrutura nas principais metr\u00f3poles brasileiras. Com o avan\u00e7o da conectividade 5G e 6G e a integra\u00e7\u00e3o total da <strong>Intelig\u00eancia Artificial<\/strong>, a rotina dos cidad\u00e3os est\u00e1 passando por uma transforma\u00e7\u00e3o sem precedentes em efici\u00eancia e sustentabilidade.<\/p>\n\n\n\n<h3 class=\"wp-block-heading\">Mobilidade e Sustentabilidade em Primeiro Plano<\/h3>\n\n\n\n<p>Diferente do que v\u00edamos h\u00e1 alguns anos, o foco das not\u00edcias hoje n\u00e3o \u00e9 apenas o tr\u00e2nsito, mas como a tecnologia o resolve. Sistemas de monitoramento em tempo real agora gerenciam o fluxo de ve\u00edculos de forma aut\u00f4noma, reduzindo o tempo de deslocamento em at\u00e9 <strong>30%<\/strong> em capitais como S\u00e3o Paulo e Curitiba.<\/p>\n\n\n\n<p><strong>Os principais pilares dessa mudan\u00e7a incluem:<\/strong><\/p>\n\n\n\n<ul>\n<li><strong>Transporte P\u00fablico El\u00e9trico:<\/strong> Substitui\u00e7\u00e3o gradual das frotas movidas a combust\u00edveis f\u00f3sseis.<\/li>\n\n\n\n<li><strong>Ilumina\u00e7\u00e3o Inteligente:<\/strong> Sensores que ajustam a intensidade da luz conforme o movimento, gerando economia de energia.<\/li>\n\n\n\n<li><strong>Gest\u00e3o de Res\u00edduos:<\/strong> Lixeiras conectadas que notificam as centrais de coleta apenas quando est\u00e3o cheias, otimizando a log\u00edstica urbana.<\/li>\n<\/ul>\n\n\n\n<h3 class=\"wp-block-heading\">O Papel da IA na Seguran\u00e7a P\u00fablica<\/h3>\n\n\n\n<p>Um dos pontos mais debatidos nas not\u00edcias recentes \u00e9 a implementa\u00e7\u00e3o de <strong>algoritmos preditivos<\/strong>. Esses sistemas conseguem identificar padr\u00f5es de comportamento e alertar autoridades sobre poss\u00edveis incidentes antes mesmo que eles ocorram.<\/p>\n\n\n\n<blockquote class=\"wp-block-quote\">\n<p>&#8220;A tecnologia n\u00e3o veio para substituir o fator humano, mas para dar \u00e0s autoridades as ferramentas necess\u00e1rias para agir com precis\u00e3o cir\u00fargica&#8221;, afirma um especialista em urbanismo digital.<\/p>\n<\/blockquote>\n\n\n\n<h3 class=\"wp-block-heading\">Desafios: Privacidade e Inclus\u00e3o Digital<\/h3>\n\n\n\n<p>Apesar dos avan\u00e7os, o setor de not\u00edcias alerta para os desafios \u00e9ticos. A coleta massiva de dados levanta quest\u00f5es cruciais sobre a <strong>privacidade dos cidad\u00e3os<\/strong> e a necessidade de garantir que essa evolu\u00e7\u00e3o tecnol\u00f3gica chegue tamb\u00e9m \u00e0s periferias, evitando um &#8220;apartheid digital&#8221;.<\/p>\n","protected":false},"excerpt":{"rendered":"<p>O conceito de Smart Cities (cidades inteligentes) deixou de ser uma promessa futurista para se tornar a base da infraestrutura<\/p>\n","protected":false},"author":1,"featured_media":11051,"comment_status":"closed","ping_status":"closed","sticky":true,"template":"","format":"standard","meta":[],"categories":[15],"tags":[583,485,489],"aioseo_notices":[],"_links":{"self":[{"href":"https:\/\/noticiaemfoco.online\/index.php?rest_route=\/wp\/v2\/posts\/11050"}],"collection":[{"href":"https:\/\/noticiaemfoco.online\/index.php?rest_route=\/wp\/v2\/posts"}],"about":[{"href":"https:\/\/noticiaemfoco.online\/index.php?rest_route=\/wp\/v2\/types\/post"}],"author":[{"embeddable":true,"href":"https:\/\/noticiaemfoco.online\/index.php?rest_route=\/wp\/v2\/users\/1"}],"replies":[{"embeddable":true,"href":"https:\/\/noticiaemfoco.online\/index.php?rest_route=%2Fwp%2Fv2%2Fcomments&post=11050"}],"version-history":[{"count":1,"href":"https:\/\/noticiaemfoco.online\/index.php?rest_route=\/wp\/v2\/posts\/11050\/revisions"}],"predecessor-version":[{"id":11052,"href":"https:\/\/noticiaemfoco.online\/index.php?rest_route=\/wp\/v2\/posts\/11050\/revisions\/11052"}],"wp:featuredmedia":[{"embeddable":true,"href":"https:\/\/noticiaemfoco.online\/index.php?rest_route=\/wp\/v2\/media\/11051"}],"wp:attachment":[{"href":"https:\/\/noticiaemfoco.online\/index.php?rest_route=%2Fwp%2Fv2%2Fmedia&parent=11050"}],"wp:term":[{"taxonomy":"category","embeddable":true,"href":"https:\/\/noticiaemfoco.online\/index.php?rest_route=%2Fwp%2Fv2%2Fcategories&post=11050"},{"taxonomy":"post_tag","embeddable":true,"href":"https:\/\/noticiaemfoco.online\/index.php?rest_route=%2Fwp%2Fv2%2Ftags&post=11050"}],"curies":[{"name":"wp","href":"https:\/\/api.w.org\/{rel}","templated":true}]}}