{"id":11066,"date":"2026-04-28T02:05:15","date_gmt":"2026-04-28T02:05:15","guid":{"rendered":"https:\/\/noticiaemfoco.online\/?p=11066"},"modified":"2026-04-28T02:05:16","modified_gmt":"2026-04-28T02:05:16","slug":"flavio-bolsonaro-critica-gestao-atual-na-agrishow-o-brasil-perdeu-o-folego","status":"publish","type":"post","link":"https:\/\/noticiaemfoco.online\/?p=11066","title":{"rendered":"Fl\u00e1vio Bolsonaro critica gest\u00e3o atual na Agrishow: &#8220;O Brasil perdeu o f\u00f4lego&#8221;"},"content":{"rendered":"\n<p>Na \u00faltima segunda-feira (27), o cen\u00e1rio pol\u00edtico ganhou novos contornos durante a 31\u00aa Agrishow, em Ribeir\u00e3o Preto. O senador Fl\u00e1vio Bolsonaro (PL-RJ), em tom de pr\u00e9-campanha \u00e0 Presid\u00eancia, disparou cr\u00edticas severas ao presidente Luiz In\u00e1cio Lula da Silva. Ao lado do governador paulista Tarc\u00edsio de Freitas, o parlamentar utilizou termos fortes para descrever o atual governo, classificando o chefe do Executivo como uma <strong>&#8220;mercadoria fora da validade&#8221;<\/strong>.<\/p>\n\n\n\n<p>Para Fl\u00e1vio, a administra\u00e7\u00e3o petista demonstra sinais claros de exaust\u00e3o. Segundo ele, n\u00e3o h\u00e1 mais disposi\u00e7\u00e3o ou energia por parte do Planalto para conduzir os rumos do pa\u00eds, o que estaria transformando o Brasil em um ambiente hostil para novos investimentos. &#8220;Parece que o objetivo \u00e9 afundar a na\u00e7\u00e3o e deixar o preju\u00edzo para a pr\u00f3xima gest\u00e3o resolver&#8221;, afirmou o senador durante a coletiva.<\/p>\n\n\n\n<h3 class=\"wp-block-heading\">Propostas de Gest\u00e3o e Seguran\u00e7a<\/h3>\n\n\n\n<p>Al\u00e9m das cr\u00edticas, o senador aproveitou o evento para tra\u00e7ar diretrizes do que seria seu plano de governo. Entre as prioridades mencionadas, destacam-se:<\/p>\n\n\n\n<ul>\n<li><strong>Ajuste Fiscal:<\/strong> Promessa de realizar um corte profundo nos gastos p\u00fablicos para equilibrar as contas da Uni\u00e3o.<\/li>\n\n\n\n<li><strong>Redu\u00e7\u00e3o de Juros e Impostos:<\/strong> Criar um cen\u00e1rio econ\u00f4mico mais atrativo tanto para o capital nacional quanto para o estrangeiro atrav\u00e9s da diminui\u00e7\u00e3o da carga tribut\u00e1ria.<\/li>\n\n\n\n<li><strong>Toler\u00e2ncia Zero na Seguran\u00e7a:<\/strong> O senador defendeu uma postura mais r\u00edgida contra a criminalidade, mencionando que o combate ao roubo de cargas \u00e9 essencial para proteger a produ\u00e7\u00e3o e o escoamento de mercadorias no pa\u00eds.<\/li>\n<\/ul>\n\n\n\n<p>At\u00e9 o momento, o Pal\u00e1cio do Planalto n\u00e3o emitiu uma resposta oficial sobre as declara\u00e7\u00f5es feitas pelo senador no interior de S\u00e3o Paulo.<\/p>\n","protected":false},"excerpt":{"rendered":"<p>Na \u00faltima segunda-feira (27), o cen\u00e1rio pol\u00edtico ganhou novos contornos durante a 31\u00aa Agrishow, em Ribeir\u00e3o Preto. O senador Fl\u00e1vio<\/p>\n","protected":false},"author":1,"featured_media":11067,"comment_status":"closed","ping_status":"closed","sticky":true,"template":"","format":"standard","meta":[],"categories":[442],"tags":[838,61,837],"aioseo_notices":[],"_links":{"self":[{"href":"https:\/\/noticiaemfoco.online\/index.php?rest_route=\/wp\/v2\/posts\/11066"}],"collection":[{"href":"https:\/\/noticiaemfoco.online\/index.php?rest_route=\/wp\/v2\/posts"}],"about":[{"href":"https:\/\/noticiaemfoco.online\/index.php?rest_route=\/wp\/v2\/types\/post"}],"author":[{"embeddable":true,"href":"https:\/\/noticiaemfoco.online\/index.php?rest_route=\/wp\/v2\/users\/1"}],"replies":[{"embeddable":true,"href":"https:\/\/noticiaemfoco.online\/index.php?rest_route=%2Fwp%2Fv2%2Fcomments&post=11066"}],"version-history":[{"count":1,"href":"https:\/\/noticiaemfoco.online\/index.php?rest_route=\/wp\/v2\/posts\/11066\/revisions"}],"predecessor-version":[{"id":11068,"href":"https:\/\/noticiaemfoco.online\/index.php?rest_route=\/wp\/v2\/posts\/11066\/revisions\/11068"}],"wp:featuredmedia":[{"embeddable":true,"href":"https:\/\/noticiaemfoco.online\/index.php?rest_route=\/wp\/v2\/media\/11067"}],"wp:attachment":[{"href":"https:\/\/noticiaemfoco.online\/index.php?rest_route=%2Fwp%2Fv2%2Fmedia&parent=11066"}],"wp:term":[{"taxonomy":"category","embeddable":true,"href":"https:\/\/noticiaemfoco.online\/index.php?rest_route=%2Fwp%2Fv2%2Fcategories&post=11066"},{"taxonomy":"post_tag","embeddable":true,"href":"https:\/\/noticiaemfoco.online\/index.php?rest_route=%2Fwp%2Fv2%2Ftags&post=11066"}],"curies":[{"name":"wp","href":"https:\/\/api.w.org\/{rel}","templated":true}]}}